{"id":1093,"date":"2023-04-10T13:03:05","date_gmt":"2023-04-10T12:03:05","guid":{"rendered":"https:\/\/journals.myesr.org\/eur-radiol\/2023\/04\/10\/european-radiology-welcomes-new-social-media-deputy-editor\/"},"modified":"2025-09-19T10:36:55","modified_gmt":"2025-09-19T09:36:55","slug":"european-radiology-welcomes-new-social-media-deputy-editor","status":"publish","type":"post","link":"https:\/\/journals.myesr.org\/eur-radiol\/highlights\/european-radiology-welcomes-new-social-media-deputy-editor\/","title":{"rendered":"Bettina Bae\u00dfler appointed as first Social Media Editor"},"content":{"rendered":"<p>The <em>European Radiology<\/em> Editorial Team is excited to welcome the new Social Media Editor, Bettina Bae\u00dfler.<br \/>\nDr. Bae\u00dfler is currently a full professor and consultant radiologist at University Hospital W\u00fcrzburg, focusing on areas such as radiomics, artificial intelligence, and machine learning.<\/p>\n<p>Dr. Bae\u00dfler will lead the social media efforts of the <em>European Radiology<\/em>\u00a0as we look toward the future and continue to grow our presence across Twitter, Facebook, LinkedIn, and Mastodon!<\/p>\n","protected":false},"excerpt":{"rendered":"<p>The European Radiology Editorial Team is excited to welcome the new Social Media Editor, Bettina Bae\u00dfler. Dr. Bae\u00dfler is currently a full professor and consultant radiologist at University Hospital W\u00fcrzburg, focusing on areas such as radiomics, artificial intelligence, and machine learning. Dr. Bae\u00dfler will lead the social media efforts of the European Radiology\u00a0as we look [&hellip;]<\/p>\n","protected":false},"author":3,"featured_media":2047,"comment_status":"closed","ping_status":"open","sticky":false,"template":"","format":"standard","meta":{"_acf_changed":false,"_et_pb_use_builder":"","_et_pb_old_content":"","_et_gb_content_width":"","inline_featured_image":false,"footnotes":""},"categories":[7,8],"tags":[],"class_list":["post-1093","post","type-post","status-publish","format-standard","has-post-thumbnail","hentry","category-highlights","category-news"],"acf":[],"yoast_head":"<!-- This site is optimized with the Yoast SEO plugin v27.5 - https:\/\/yoast.com\/product\/yoast-seo-wordpress\/ -->\n<title>Bettina Bae\u00dfler appointed as first Social Media Editor - European Radiology<\/title>\n<meta name=\"robots\" content=\"index, follow, max-snippet:-1, max-image-preview:large, max-video-preview:-1\" \/>\n<link rel=\"canonical\" href=\"https:\/\/journals.myesr.org\/eur-radiol\/highlights\/european-radiology-welcomes-new-social-media-deputy-editor\/\" \/>\n<meta property=\"og:locale\" content=\"en_GB\" \/>\n<meta property=\"og:type\" content=\"article\" \/>\n<meta property=\"og:title\" content=\"Bettina Bae\u00dfler appointed as first Social Media Editor - European Radiology\" \/>\n<meta property=\"og:description\" content=\"The European Radiology Editorial Team is excited to welcome the new Social Media Editor, Bettina Bae\u00dfler. Dr. Bae\u00dfler is currently a full professor and consultant radiologist at University Hospital W\u00fcrzburg, focusing on areas such as radiomics, artificial intelligence, and machine learning. Dr. Bae\u00dfler will lead the social media efforts of the European Radiology\u00a0as we look [&hellip;]\" \/>\n<meta property=\"og:url\" content=\"https:\/\/journals.myesr.org\/eur-radiol\/highlights\/european-radiology-welcomes-new-social-media-deputy-editor\/\" \/>\n<meta property=\"og:site_name\" content=\"European Radiology\" \/>\n<meta property=\"article:published_time\" content=\"2023-04-10T12:03:05+00:00\" \/>\n<meta property=\"article:modified_time\" content=\"2025-09-19T09:36:55+00:00\" \/>\n<meta property=\"og:image\" content=\"https:\/\/journals.myesr.org\/eur-radiol\/wp-content\/uploads\/sites\/2\/2025\/09\/image_2023_04_26T07_49_56_957Z-1.jpg\" \/>\n\t<meta property=\"og:image:width\" content=\"767\" \/>\n\t<meta property=\"og:image:height\" content=\"470\" \/>\n\t<meta property=\"og:image:type\" content=\"image\/jpeg\" \/>\n<meta name=\"author\" content=\"editor\" \/>\n<meta name=\"twitter:card\" content=\"summary_large_image\" \/>\n<meta name=\"twitter:label1\" content=\"Written by\" \/>\n\t<meta name=\"twitter:data1\" content=\"editor\" \/>\n<script type=\"application\/ld+json\" class=\"yoast-schema-graph\">{\"@context\":\"https:\\\/\\\/schema.org\",\"@graph\":[{\"@type\":\"Article\",\"@id\":\"https:\\\/\\\/journals.myesr.org\\\/eur-radiol\\\/highlights\\\/european-radiology-welcomes-new-social-media-deputy-editor\\\/#article\",\"isPartOf\":{\"@id\":\"https:\\\/\\\/journals.myesr.org\\\/eur-radiol\\\/highlights\\\/european-radiology-welcomes-new-social-media-deputy-editor\\\/\"},\"author\":{\"name\":\"editor\",\"@id\":\"https:\\\/\\\/journals.myesr.org\\\/eur-radiol\\\/#\\\/schema\\\/person\\\/6b90d4d1c826ba40890f732bdc096ff3\"},\"headline\":\"Bettina Bae\u00dfler appointed as first Social Media Editor\",\"datePublished\":\"2023-04-10T12:03:05+00:00\",\"dateModified\":\"2025-09-19T09:36:55+00:00\",\"mainEntityOfPage\":{\"@id\":\"https:\\\/\\\/journals.myesr.org\\\/eur-radiol\\\/highlights\\\/european-radiology-welcomes-new-social-media-deputy-editor\\\/\"},\"wordCount\":84,\"image\":{\"@id\":\"https:\\\/\\\/journals.myesr.org\\\/eur-radiol\\\/highlights\\\/european-radiology-welcomes-new-social-media-deputy-editor\\\/#primaryimage\"},\"thumbnailUrl\":\"https:\\\/\\\/journals.myesr.org\\\/eur-radiol\\\/wp-content\\\/uploads\\\/sites\\\/2\\\/2025\\\/09\\\/image_2023_04_26T07_49_56_957Z-1.jpg\",\"articleSection\":[\"Highlights\",\"News\"],\"inLanguage\":\"en-GB\"},{\"@type\":\"WebPage\",\"@id\":\"https:\\\/\\\/journals.myesr.org\\\/eur-radiol\\\/highlights\\\/european-radiology-welcomes-new-social-media-deputy-editor\\\/\",\"url\":\"https:\\\/\\\/journals.myesr.org\\\/eur-radiol\\\/highlights\\\/european-radiology-welcomes-new-social-media-deputy-editor\\\/\",\"name\":\"Bettina Bae\u00dfler appointed as first Social Media Editor - European Radiology\",\"isPartOf\":{\"@id\":\"https:\\\/\\\/journals.myesr.org\\\/eur-radiol\\\/#website\"},\"primaryImageOfPage\":{\"@id\":\"https:\\\/\\\/journals.myesr.org\\\/eur-radiol\\\/highlights\\\/european-radiology-welcomes-new-social-media-deputy-editor\\\/#primaryimage\"},\"image\":{\"@id\":\"https:\\\/\\\/journals.myesr.org\\\/eur-radiol\\\/highlights\\\/european-radiology-welcomes-new-social-media-deputy-editor\\\/#primaryimage\"},\"thumbnailUrl\":\"https:\\\/\\\/journals.myesr.org\\\/eur-radiol\\\/wp-content\\\/uploads\\\/sites\\\/2\\\/2025\\\/09\\\/image_2023_04_26T07_49_56_957Z-1.jpg\",\"datePublished\":\"2023-04-10T12:03:05+00:00\",\"dateModified\":\"2025-09-19T09:36:55+00:00\",\"author\":{\"@id\":\"https:\\\/\\\/journals.myesr.org\\\/eur-radiol\\\/#\\\/schema\\\/person\\\/6b90d4d1c826ba40890f732bdc096ff3\"},\"breadcrumb\":{\"@id\":\"https:\\\/\\\/journals.myesr.org\\\/eur-radiol\\\/highlights\\\/european-radiology-welcomes-new-social-media-deputy-editor\\\/#breadcrumb\"},\"inLanguage\":\"en-GB\",\"potentialAction\":[{\"@type\":\"ReadAction\",\"target\":[\"https:\\\/\\\/journals.myesr.org\\\/eur-radiol\\\/highlights\\\/european-radiology-welcomes-new-social-media-deputy-editor\\\/\"]}]},{\"@type\":\"ImageObject\",\"inLanguage\":\"en-GB\",\"@id\":\"https:\\\/\\\/journals.myesr.org\\\/eur-radiol\\\/highlights\\\/european-radiology-welcomes-new-social-media-deputy-editor\\\/#primaryimage\",\"url\":\"https:\\\/\\\/journals.myesr.org\\\/eur-radiol\\\/wp-content\\\/uploads\\\/sites\\\/2\\\/2025\\\/09\\\/image_2023_04_26T07_49_56_957Z-1.jpg\",\"contentUrl\":\"https:\\\/\\\/journals.myesr.org\\\/eur-radiol\\\/wp-content\\\/uploads\\\/sites\\\/2\\\/2025\\\/09\\\/image_2023_04_26T07_49_56_957Z-1.jpg\",\"width\":767,\"height\":470},{\"@type\":\"BreadcrumbList\",\"@id\":\"https:\\\/\\\/journals.myesr.org\\\/eur-radiol\\\/highlights\\\/european-radiology-welcomes-new-social-media-deputy-editor\\\/#breadcrumb\",\"itemListElement\":[{\"@type\":\"ListItem\",\"position\":1,\"name\":\"Home\",\"item\":\"https:\\\/\\\/journals.myesr.org\\\/eur-radiol\\\/\"},{\"@type\":\"ListItem\",\"position\":2,\"name\":\"Bettina Bae\u00dfler appointed as first Social Media Editor\"}]},{\"@type\":\"WebSite\",\"@id\":\"https:\\\/\\\/journals.myesr.org\\\/eur-radiol\\\/#website\",\"url\":\"https:\\\/\\\/journals.myesr.org\\\/eur-radiol\\\/\",\"name\":\"European Radiology\",\"description\":\"\",\"potentialAction\":[{\"@type\":\"SearchAction\",\"target\":{\"@type\":\"EntryPoint\",\"urlTemplate\":\"https:\\\/\\\/journals.myesr.org\\\/eur-radiol\\\/?s={search_term_string}\"},\"query-input\":{\"@type\":\"PropertyValueSpecification\",\"valueRequired\":true,\"valueName\":\"search_term_string\"}}],\"inLanguage\":\"en-GB\"},{\"@type\":\"Person\",\"@id\":\"https:\\\/\\\/journals.myesr.org\\\/eur-radiol\\\/#\\\/schema\\\/person\\\/6b90d4d1c826ba40890f732bdc096ff3\",\"name\":\"editor\",\"image\":{\"@type\":\"ImageObject\",\"inLanguage\":\"en-GB\",\"@id\":\"https:\\\/\\\/secure.gravatar.com\\\/avatar\\\/14699bc4a68dcfa7330767f49cf436219cc6a600e0625083b22c8baadc93ef35?s=96&d=mm&r=g\",\"url\":\"https:\\\/\\\/secure.gravatar.com\\\/avatar\\\/14699bc4a68dcfa7330767f49cf436219cc6a600e0625083b22c8baadc93ef35?s=96&d=mm&r=g\",\"contentUrl\":\"https:\\\/\\\/secure.gravatar.com\\\/avatar\\\/14699bc4a68dcfa7330767f49cf436219cc6a600e0625083b22c8baadc93ef35?s=96&d=mm&r=g\",\"caption\":\"editor\"},\"url\":\"https:\\\/\\\/journals.myesr.org\\\/eur-radiol\\\/author\\\/editor\\\/\"}]}<\/script>\n<!-- \/ Yoast SEO plugin. -->","yoast_head_json":{"title":"Bettina Bae\u00dfler appointed as first Social Media Editor - European Radiology","robots":{"index":"index","follow":"follow","max-snippet":"max-snippet:-1","max-image-preview":"max-image-preview:large","max-video-preview":"max-video-preview:-1"},"canonical":"https:\/\/journals.myesr.org\/eur-radiol\/highlights\/european-radiology-welcomes-new-social-media-deputy-editor\/","og_locale":"en_GB","og_type":"article","og_title":"Bettina Bae\u00dfler appointed as first Social Media Editor - European Radiology","og_description":"The European Radiology Editorial Team is excited to welcome the new Social Media Editor, Bettina Bae\u00dfler. Dr. Bae\u00dfler is currently a full professor and consultant radiologist at University Hospital W\u00fcrzburg, focusing on areas such as radiomics, artificial intelligence, and machine learning. Dr. Bae\u00dfler will lead the social media efforts of the European Radiology\u00a0as we look [&hellip;]","og_url":"https:\/\/journals.myesr.org\/eur-radiol\/highlights\/european-radiology-welcomes-new-social-media-deputy-editor\/","og_site_name":"European Radiology","article_published_time":"2023-04-10T12:03:05+00:00","article_modified_time":"2025-09-19T09:36:55+00:00","og_image":[{"width":767,"height":470,"url":"https:\/\/journals.myesr.org\/eur-radiol\/wp-content\/uploads\/sites\/2\/2025\/09\/image_2023_04_26T07_49_56_957Z-1.jpg","type":"image\/jpeg"}],"author":"editor","twitter_card":"summary_large_image","twitter_misc":{"Written by":"editor"},"schema":{"@context":"https:\/\/schema.org","@graph":[{"@type":"Article","@id":"https:\/\/journals.myesr.org\/eur-radiol\/highlights\/european-radiology-welcomes-new-social-media-deputy-editor\/#article","isPartOf":{"@id":"https:\/\/journals.myesr.org\/eur-radiol\/highlights\/european-radiology-welcomes-new-social-media-deputy-editor\/"},"author":{"name":"editor","@id":"https:\/\/journals.myesr.org\/eur-radiol\/#\/schema\/person\/6b90d4d1c826ba40890f732bdc096ff3"},"headline":"Bettina Bae\u00dfler appointed as first Social Media Editor","datePublished":"2023-04-10T12:03:05+00:00","dateModified":"2025-09-19T09:36:55+00:00","mainEntityOfPage":{"@id":"https:\/\/journals.myesr.org\/eur-radiol\/highlights\/european-radiology-welcomes-new-social-media-deputy-editor\/"},"wordCount":84,"image":{"@id":"https:\/\/journals.myesr.org\/eur-radiol\/highlights\/european-radiology-welcomes-new-social-media-deputy-editor\/#primaryimage"},"thumbnailUrl":"https:\/\/journals.myesr.org\/eur-radiol\/wp-content\/uploads\/sites\/2\/2025\/09\/image_2023_04_26T07_49_56_957Z-1.jpg","articleSection":["Highlights","News"],"inLanguage":"en-GB"},{"@type":"WebPage","@id":"https:\/\/journals.myesr.org\/eur-radiol\/highlights\/european-radiology-welcomes-new-social-media-deputy-editor\/","url":"https:\/\/journals.myesr.org\/eur-radiol\/highlights\/european-radiology-welcomes-new-social-media-deputy-editor\/","name":"Bettina Bae\u00dfler appointed as first Social Media Editor - European Radiology","isPartOf":{"@id":"https:\/\/journals.myesr.org\/eur-radiol\/#website"},"primaryImageOfPage":{"@id":"https:\/\/journals.myesr.org\/eur-radiol\/highlights\/european-radiology-welcomes-new-social-media-deputy-editor\/#primaryimage"},"image":{"@id":"https:\/\/journals.myesr.org\/eur-radiol\/highlights\/european-radiology-welcomes-new-social-media-deputy-editor\/#primaryimage"},"thumbnailUrl":"https:\/\/journals.myesr.org\/eur-radiol\/wp-content\/uploads\/sites\/2\/2025\/09\/image_2023_04_26T07_49_56_957Z-1.jpg","datePublished":"2023-04-10T12:03:05+00:00","dateModified":"2025-09-19T09:36:55+00:00","author":{"@id":"https:\/\/journals.myesr.org\/eur-radiol\/#\/schema\/person\/6b90d4d1c826ba40890f732bdc096ff3"},"breadcrumb":{"@id":"https:\/\/journals.myesr.org\/eur-radiol\/highlights\/european-radiology-welcomes-new-social-media-deputy-editor\/#breadcrumb"},"inLanguage":"en-GB","potentialAction":[{"@type":"ReadAction","target":["https:\/\/journals.myesr.org\/eur-radiol\/highlights\/european-radiology-welcomes-new-social-media-deputy-editor\/"]}]},{"@type":"ImageObject","inLanguage":"en-GB","@id":"https:\/\/journals.myesr.org\/eur-radiol\/highlights\/european-radiology-welcomes-new-social-media-deputy-editor\/#primaryimage","url":"https:\/\/journals.myesr.org\/eur-radiol\/wp-content\/uploads\/sites\/2\/2025\/09\/image_2023_04_26T07_49_56_957Z-1.jpg","contentUrl":"https:\/\/journals.myesr.org\/eur-radiol\/wp-content\/uploads\/sites\/2\/2025\/09\/image_2023_04_26T07_49_56_957Z-1.jpg","width":767,"height":470},{"@type":"BreadcrumbList","@id":"https:\/\/journals.myesr.org\/eur-radiol\/highlights\/european-radiology-welcomes-new-social-media-deputy-editor\/#breadcrumb","itemListElement":[{"@type":"ListItem","position":1,"name":"Home","item":"https:\/\/journals.myesr.org\/eur-radiol\/"},{"@type":"ListItem","position":2,"name":"Bettina Bae\u00dfler appointed as first Social Media Editor"}]},{"@type":"WebSite","@id":"https:\/\/journals.myesr.org\/eur-radiol\/#website","url":"https:\/\/journals.myesr.org\/eur-radiol\/","name":"European Radiology","description":"","potentialAction":[{"@type":"SearchAction","target":{"@type":"EntryPoint","urlTemplate":"https:\/\/journals.myesr.org\/eur-radiol\/?s={search_term_string}"},"query-input":{"@type":"PropertyValueSpecification","valueRequired":true,"valueName":"search_term_string"}}],"inLanguage":"en-GB"},{"@type":"Person","@id":"https:\/\/journals.myesr.org\/eur-radiol\/#\/schema\/person\/6b90d4d1c826ba40890f732bdc096ff3","name":"editor","image":{"@type":"ImageObject","inLanguage":"en-GB","@id":"https:\/\/secure.gravatar.com\/avatar\/14699bc4a68dcfa7330767f49cf436219cc6a600e0625083b22c8baadc93ef35?s=96&d=mm&r=g","url":"https:\/\/secure.gravatar.com\/avatar\/14699bc4a68dcfa7330767f49cf436219cc6a600e0625083b22c8baadc93ef35?s=96&d=mm&r=g","contentUrl":"https:\/\/secure.gravatar.com\/avatar\/14699bc4a68dcfa7330767f49cf436219cc6a600e0625083b22c8baadc93ef35?s=96&d=mm&r=g","caption":"editor"},"url":"https:\/\/journals.myesr.org\/eur-radiol\/author\/editor\/"}]}},"_links":{"self":[{"href":"https:\/\/journals.myesr.org\/eur-radiol\/wp-json\/wp\/v2\/posts\/1093","targetHints":{"allow":["GET"]}}],"collection":[{"href":"https:\/\/journals.myesr.org\/eur-radiol\/wp-json\/wp\/v2\/posts"}],"about":[{"href":"https:\/\/journals.myesr.org\/eur-radiol\/wp-json\/wp\/v2\/types\/post"}],"author":[{"embeddable":true,"href":"https:\/\/journals.myesr.org\/eur-radiol\/wp-json\/wp\/v2\/users\/3"}],"replies":[{"embeddable":true,"href":"https:\/\/journals.myesr.org\/eur-radiol\/wp-json\/wp\/v2\/comments?post=1093"}],"version-history":[{"count":1,"href":"https:\/\/journals.myesr.org\/eur-radiol\/wp-json\/wp\/v2\/posts\/1093\/revisions"}],"predecessor-version":[{"id":1759,"href":"https:\/\/journals.myesr.org\/eur-radiol\/wp-json\/wp\/v2\/posts\/1093\/revisions\/1759"}],"wp:featuredmedia":[{"embeddable":true,"href":"https:\/\/journals.myesr.org\/eur-radiol\/wp-json\/wp\/v2\/media\/2047"}],"wp:attachment":[{"href":"https:\/\/journals.myesr.org\/eur-radiol\/wp-json\/wp\/v2\/media?parent=1093"}],"wp:term":[{"taxonomy":"category","embeddable":true,"href":"https:\/\/journals.myesr.org\/eur-radiol\/wp-json\/wp\/v2\/categories?post=1093"},{"taxonomy":"post_tag","embeddable":true,"href":"https:\/\/journals.myesr.org\/eur-radiol\/wp-json\/wp\/v2\/tags?post=1093"}],"curies":[{"name":"wp","href":"https:\/\/api.w.org\/{rel}","templated":true}]}}